{"id":1533,"date":"2023-05-15T07:33:46","date_gmt":"2023-05-15T04:33:46","guid":{"rendered":"https:\/\/www2.memri.org\/espanol\/tv\/?p=1533"},"modified":"2023-05-15T07:33:46","modified_gmt":"2023-05-15T04:33:46","slug":"presidente-venezolano-nicolas-maduro-la-guerra-en-ucrania-es-una-guerra-mundial-para-destruir-a-rusia-a-las-elites-en-occidente-no-les-importa-que-las-sanciones-impuestas-a-rusia-paralicen","status":"publish","type":"post","link":"https:\/\/www2.memri.org\/espanol\/tv\/2023\/05\/15\/presidente-venezolano-nicolas-maduro-la-guerra-en-ucrania-es-una-guerra-mundial-para-destruir-a-rusia-a-las-elites-en-occidente-no-les-importa-que-las-sanciones-impuestas-a-rusia-paralicen\/","title":{"rendered":"Presidente venezolano Nicol\u00e1s Maduro: \u201cLa guerra en Ucrania es una guerra mundial para destruir a Rusia; a las \u00e9lites en Occidente no les importa que las sanciones impuestas a Rusia paralicen sus propias econom\u00edas\u201d"},"content":{"rendered":"<p>[videopack id=&#8221;1535&#8243;]https:\/\/www2.memri.org\/espanol\/tv\/wp-content\/uploads\/2023\/05\/9645-ESP.mp4[\/videopack]<\/p>\n<p>ARCHIVO MEMRI<\/p>\n<p><em>El presidente de Venezuela, Nicol\u00e1s Maduro, particip\u00f3 en un programa presentado el 20 de junio de 2022 en el canal de televisi\u00f3n liban\u00e9s Al-Mayadeen.<\/em><\/p>\n<p><em>En ese contexto, Maduro sostuvo que la guerra Rusia-Ucrania es una &#8220;guerra mundial&#8221; que tiene como destino destruir a Rusia. Adem\u00e1s, el mandatario dijo que las sanciones econ\u00f3micas contra Rusia han tenido un resultado opuesto al que pretend\u00edan en Europa y Estados Unidos, y agreg\u00f3 que las &#8220;\u00e9lites&#8221; en Occidente est\u00e1n enfocadas en vengarse de Rusia y no les importa la crisis econ\u00f3mica en sus propios pa\u00edses. Maduro agreg\u00f3 que todo esto lo \u201cpreocupa\u201d. <\/em><\/p>\n","protected":false},"excerpt":{"rendered":"<p>[videopack id=&#8221;1535&#8243;]<\/p>\n<p>ARCHIVO MEMRI<\/p>\n<p><em>El presidente de Venezuela, Nicol\u00e1s Maduro, particip\u00f3 en un programa presentado el 20 de junio de 2022 en el canal de televisi\u00f3n liban\u00e9s Al-Mayadeen.<\/em><\/p>\n<p><em>En ese contexto, Maduro sostuvo que la guerra Rusia-Ucrania es una &#8220;guerra mundial&#8221; que tiene como destino destruir a Rusia. Adem\u00e1s, el mandatario dijo que las sanciones econ\u00f3micas contra Rusia han tenido un resultado opuesto al que pretend\u00edan en Europa y Estados Unidos, y agreg\u00f3 que las &#8220;\u00e9lites&#8221; en Occidente est\u00e1n enfocadas en vengarse de Rusia y no les importa la crisis econ\u00f3mica en sus propios pa\u00edses. Maduro agreg\u00f3 que todo esto lo \u201cpreocupa\u201d. <\/em><\/p>\n","protected":false},"author":3,"featured_media":1534,"comment_status":"open","ping_status":"open","sticky":false,"template":"","format":"video","meta":{"footnotes":""},"categories":[2,403],"tags":[],"class_list":["post-1533","post","type-post","status-publish","format-video","has-post-thumbnail","hentry","category-featured","category-rusia","post_format-post-format-video"],"_links":{"self":[{"href":"https:\/\/www2.memri.org\/espanol\/tv\/wp-json\/wp\/v2\/posts\/1533","targetHints":{"allow":["GET"]}}],"collection":[{"href":"https:\/\/www2.memri.org\/espanol\/tv\/wp-json\/wp\/v2\/posts"}],"about":[{"href":"https:\/\/www2.memri.org\/espanol\/tv\/wp-json\/wp\/v2\/types\/post"}],"author":[{"embeddable":true,"href":"https:\/\/www2.memri.org\/espanol\/tv\/wp-json\/wp\/v2\/users\/3"}],"replies":[{"embeddable":true,"href":"https:\/\/www2.memri.org\/espanol\/tv\/wp-json\/wp\/v2\/comments?post=1533"}],"version-history":[{"count":0,"href":"https:\/\/www2.memri.org\/espanol\/tv\/wp-json\/wp\/v2\/posts\/1533\/revisions"}],"wp:featuredmedia":[{"embeddable":true,"href":"https:\/\/www2.memri.org\/espanol\/tv\/wp-json\/wp\/v2\/media\/1534"}],"wp:attachment":[{"href":"https:\/\/www2.memri.org\/espanol\/tv\/wp-json\/wp\/v2\/media?parent=1533"}],"wp:term":[{"taxonomy":"category","embeddable":true,"href":"https:\/\/www2.memri.org\/espanol\/tv\/wp-json\/wp\/v2\/categories?post=1533"},{"taxonomy":"post_tag","embeddable":true,"href":"https:\/\/www2.memri.org\/espanol\/tv\/wp-json\/wp\/v2\/tags?post=1533"}],"curies":[{"name":"wp","href":"https:\/\/api.w.org\/{rel}","templated":true}]}}