{"id":1452,"date":"2023-05-02T16:35:43","date_gmt":"2023-05-02T13:35:43","guid":{"rendered":"https:\/\/www2.memri.org\/espanol\/tv\/?p=1452"},"modified":"2023-05-02T16:35:43","modified_gmt":"2023-05-02T13:35:43","slug":"erudito-islamico-sudanes-dr-abdulhay-yousif-combatir-contra-la-milicia-de-las-far-es-considerado-yihad-el-lider-de-las-far-hemeti-y-los-politicos-que-avivan-las-llamas-de-la-guerr","status":"publish","type":"post","link":"https:\/\/www2.memri.org\/espanol\/tv\/2023\/05\/02\/erudito-islamico-sudanes-dr-abdulhay-yousif-combatir-contra-la-milicia-de-las-far-es-considerado-yihad-el-lider-de-las-far-hemeti-y-los-politicos-que-avivan-las-llamas-de-la-guerr\/","title":{"rendered":"Erudito isl\u00e1mico sudan\u00e9s, Dr. AbdulHay Yousif: \u201cCombatir contra la milicia de las FAR es considerado Yihad; el l\u00edder de las FAR, Hemeti, y los pol\u00edticos que \u00b4avivan las llamas de la guerra\u00b4 deber\u00edan ser asesinados\u201d"},"content":{"rendered":"<p><em>[videopack id=&#8221;1454&#8243;]https:\/\/www2.memri.org\/espanol\/tv\/wp-content\/uploads\/2023\/05\/10261-ESP.mp4[\/videopack]<\/em><\/p>\n<p><em><br \/>\nEl erudito isl\u00e1mico sudan\u00e9s Dr. AbdulHay Yousif particip\u00f3 en un programa presentado el 26 de abril de 2023 en el Canal 9 de la televisi\u00f3n de Turqu\u00eda en idioma \u00e1rabe, est\u00e1 afiliado a la Hermandad Musulmana. En este contexto, Yousif habl\u00f3 sobre el violento conflicto interno en su pa\u00eds y que combatir contra la milicia Fuerzas de Apoyo R\u00e1pido (FAR) es considerado como Yihad por el bien de Al\u00e1. Tambi\u00e9n afirm\u00f3 que su l\u00edder, Hemeti (teniente general Mohamed Hamdan) y otros como \u00e9l deber\u00edan ser asesinados. Yousif continu\u00f3 diciendo que no solo se deber\u00eda asesinar a los combatientes, sino tambi\u00e9n a los pol\u00edticos que han estado \u201cavivando las llamas de la guerra\u201d. <\/em><\/p>\n","protected":false},"excerpt":{"rendered":"<p><em>[videopack id=&#8221;1454&#8243;]<\/p>\n<p><em><br \/>\nEl erudito isl\u00e1mico sudan\u00e9s Dr. AbdulHay Yousif particip\u00f3 en un programa presentado el 26 de abril de 2023 en el Canal 9 de la televisi\u00f3n de Turqu\u00eda en idioma \u00e1rabe, est\u00e1 afiliado a la Hermandad Musulmana. En este contexto, Yousif habl\u00f3 sobre el violento conflicto interno en su pa\u00eds y que combatir contra la milicia Fuerzas de Apoyo R\u00e1pido (FAR) es considerado como Yihad por el bien de Al\u00e1. Tambi\u00e9n afirm\u00f3 que su l\u00edder, Hemeti (teniente general Mohamed Hamdan) y otros como \u00e9l deber\u00edan ser asesinados. Yousif continu\u00f3 diciendo que no solo se deber\u00eda asesinar a los combatientes, sino tambi\u00e9n a los pol\u00edticos que han estado \u201cavivando las llamas de la guerra\u201d. <\/em><\/p>\n","protected":false},"author":3,"featured_media":1453,"comment_status":"open","ping_status":"open","sticky":false,"template":"","format":"video","meta":{"footnotes":""},"categories":[5,22],"tags":[],"class_list":["post-1452","post","type-post","status-publish","format-video","has-post-thumbnail","hentry","category-paises","category-sudan","post_format-post-format-video"],"_links":{"self":[{"href":"https:\/\/www2.memri.org\/espanol\/tv\/wp-json\/wp\/v2\/posts\/1452","targetHints":{"allow":["GET"]}}],"collection":[{"href":"https:\/\/www2.memri.org\/espanol\/tv\/wp-json\/wp\/v2\/posts"}],"about":[{"href":"https:\/\/www2.memri.org\/espanol\/tv\/wp-json\/wp\/v2\/types\/post"}],"author":[{"embeddable":true,"href":"https:\/\/www2.memri.org\/espanol\/tv\/wp-json\/wp\/v2\/users\/3"}],"replies":[{"embeddable":true,"href":"https:\/\/www2.memri.org\/espanol\/tv\/wp-json\/wp\/v2\/comments?post=1452"}],"version-history":[{"count":0,"href":"https:\/\/www2.memri.org\/espanol\/tv\/wp-json\/wp\/v2\/posts\/1452\/revisions"}],"wp:featuredmedia":[{"embeddable":true,"href":"https:\/\/www2.memri.org\/espanol\/tv\/wp-json\/wp\/v2\/media\/1453"}],"wp:attachment":[{"href":"https:\/\/www2.memri.org\/espanol\/tv\/wp-json\/wp\/v2\/media?parent=1452"}],"wp:term":[{"taxonomy":"category","embeddable":true,"href":"https:\/\/www2.memri.org\/espanol\/tv\/wp-json\/wp\/v2\/categories?post=1452"},{"taxonomy":"post_tag","embeddable":true,"href":"https:\/\/www2.memri.org\/espanol\/tv\/wp-json\/wp\/v2\/tags?post=1452"}],"curies":[{"name":"wp","href":"https:\/\/api.w.org\/{rel}","templated":true}]}}