{"id":1449,"date":"2023-05-01T12:00:37","date_gmt":"2023-05-01T09:00:37","guid":{"rendered":"https:\/\/www2.memri.org\/espanol\/tv\/?p=1449"},"modified":"2023-05-01T09:36:41","modified_gmt":"2023-05-01T06:36:41","slug":"activistas-libaneses-realizan-conferencia-en-apoyo-de-rusia-rusia-esta-frenando-la-tirania-estadounidense-cambiando-el-equilibrio-de-poder-global-agradecemos-el-apoyo-de-rusia-en-los-princ","status":"publish","type":"post","link":"https:\/\/www2.memri.org\/espanol\/tv\/2023\/05\/01\/activistas-libaneses-realizan-conferencia-en-apoyo-de-rusia-rusia-esta-frenando-la-tirania-estadounidense-cambiando-el-equilibrio-de-poder-global-agradecemos-el-apoyo-de-rusia-en-los-princ\/","title":{"rendered":"Activistas libaneses realizan conferencia en apoyo de Rusia: \u201cRusia est\u00e1 frenando la tiran\u00eda estadounidense, cambiando el equilibrio de poder global; Agradecemos el apoyo de Rusia en los principales problemas \u00e1rabes y libaneses\u201d"},"content":{"rendered":"<p>[videopack id=&#8221;1451&#8243;]https:\/\/www2.memri.org\/espanol\/tv\/wp-content\/uploads\/2023\/05\/9430-ESP.mp4[\/videopack]<\/p>\n<p>ARCHIVO MEMRI<\/p>\n<p>El canal Russia Today TV emiti\u00f3 un informe en \u00e1rabe sobre una conferencia pro-Rusia organizada por activistas en el L\u00edbano. La conferencia, que se titul\u00f3 &#8220;Un d\u00eda de leal gratitud a la Federaci\u00f3n Rusa&#8221;, fue realizada por el Movimiento Nasserista Independiente Al-Murabitoun. El activista pro-Palestina, Dr. Nasser Khaidar, le dijo al reportero que al confrontar la &#8220;arrogancia&#8221; estadounidense, Rusia est\u00e1 cambiando el equilibrio de poder en el mundo, impide que Estados Unidos siga con sus pol\u00edticas tir\u00e1nicas y est\u00e1 &#8220;expresando&#8221; las esperanzas y los dolores de los \u00e1rabes y de los pueblos oprimidos de todo el mundo. El general (retirado) Mustaf\u00e1 Hamdan, quien fue presentado como secretario del Liderazgo de Al-Murabitoun, explic\u00f3 que el acto era una expresi\u00f3n de gratitud por el apoyo ruso a cuestiones clave en el L\u00edbano y en el mundo \u00e1rabe. Tambi\u00e9n dijo que Rusia no atac\u00f3 al pueblo ucraniano y que, de hecho, son Estados Unidos y Europa quienes los atacaron y amenazaron la seguridad nacional de Rusia.<\/p>\n<p>El informe fue transmitido el 10 de marzo de 2022.<\/p>\n","protected":false},"excerpt":{"rendered":"<p>[videopack id=&#8221;1451&#8243;]<\/p>\n<p>ARCHIVO MEMRI<\/p>\n<p>El canal Russia Today TV emiti\u00f3 un informe en \u00e1rabe sobre una conferencia pro-Rusia organizada por activistas en el L\u00edbano. La conferencia, que se titul\u00f3 &#8220;Un d\u00eda de leal gratitud a la Federaci\u00f3n Rusa&#8221;, fue realizada por el Movimiento Nasserista Independiente Al-Murabitoun. El activista pro-Palestina, Dr. Nasser Khaidar, le dijo al reportero que al confrontar la &#8220;arrogancia&#8221; estadounidense, Rusia est\u00e1 cambiando el equilibrio de poder en el mundo, impide que Estados Unidos siga con sus pol\u00edticas tir\u00e1nicas y est\u00e1 &#8220;expresando&#8221; las esperanzas y los dolores de los \u00e1rabes y de los pueblos oprimidos de todo el mundo. El general (retirado) Mustaf\u00e1 Hamdan, quien fue presentado como secretario del Liderazgo de Al-Murabitoun, explic\u00f3 que el acto era una expresi\u00f3n de gratitud por el apoyo ruso a cuestiones clave en el L\u00edbano y en el mundo \u00e1rabe. Tambi\u00e9n dijo que Rusia no atac\u00f3 al pueblo ucraniano y que, de hecho, son Estados Unidos y Europa quienes los atacaron y amenazaron la seguridad nacional de Rusia.<\/p>\n<p>El informe fue transmitido el 10 de marzo de 2022.<\/p>\n","protected":false},"author":3,"featured_media":1450,"comment_status":"open","ping_status":"open","sticky":false,"template":"","format":"video","meta":{"footnotes":""},"categories":[2,18],"tags":[],"class_list":["post-1449","post","type-post","status-publish","format-video","has-post-thumbnail","hentry","category-featured","category-libano","post_format-post-format-video"],"_links":{"self":[{"href":"https:\/\/www2.memri.org\/espanol\/tv\/wp-json\/wp\/v2\/posts\/1449","targetHints":{"allow":["GET"]}}],"collection":[{"href":"https:\/\/www2.memri.org\/espanol\/tv\/wp-json\/wp\/v2\/posts"}],"about":[{"href":"https:\/\/www2.memri.org\/espanol\/tv\/wp-json\/wp\/v2\/types\/post"}],"author":[{"embeddable":true,"href":"https:\/\/www2.memri.org\/espanol\/tv\/wp-json\/wp\/v2\/users\/3"}],"replies":[{"embeddable":true,"href":"https:\/\/www2.memri.org\/espanol\/tv\/wp-json\/wp\/v2\/comments?post=1449"}],"version-history":[{"count":0,"href":"https:\/\/www2.memri.org\/espanol\/tv\/wp-json\/wp\/v2\/posts\/1449\/revisions"}],"wp:featuredmedia":[{"embeddable":true,"href":"https:\/\/www2.memri.org\/espanol\/tv\/wp-json\/wp\/v2\/media\/1450"}],"wp:attachment":[{"href":"https:\/\/www2.memri.org\/espanol\/tv\/wp-json\/wp\/v2\/media?parent=1449"}],"wp:term":[{"taxonomy":"category","embeddable":true,"href":"https:\/\/www2.memri.org\/espanol\/tv\/wp-json\/wp\/v2\/categories?post=1449"},{"taxonomy":"post_tag","embeddable":true,"href":"https:\/\/www2.memri.org\/espanol\/tv\/wp-json\/wp\/v2\/tags?post=1449"}],"curies":[{"name":"wp","href":"https:\/\/api.w.org\/{rel}","templated":true}]}}