{"id":1445,"date":"2023-05-01T11:00:56","date_gmt":"2023-05-01T08:00:56","guid":{"rendered":"https:\/\/www2.memri.org\/espanol\/tv\/?p=1445"},"modified":"2023-05-01T09:07:13","modified_gmt":"2023-05-01T06:07:13","slug":"mahmoud-ahmadi-bighash-miembro-irani-del-parlamento-acusa-al-gobierno-de-raisi-de-nepotismo-e-incompetencia-su-modelo-de-gobierno-no-muestra-signos-de-solucionar-los-problemas-de-iran","status":"publish","type":"post","link":"https:\/\/www2.memri.org\/espanol\/tv\/2023\/05\/01\/mahmoud-ahmadi-bighash-miembro-irani-del-parlamento-acusa-al-gobierno-de-raisi-de-nepotismo-e-incompetencia-su-modelo-de-gobierno-no-muestra-signos-de-solucionar-los-problemas-de-iran\/","title":{"rendered":"Mahmoud Ahmadi-Bighash, miembro iran\u00ed del Parlamento, acusa al gobierno de Raisi de nepotismo e incompetencia: \u201cSu modelo de gobierno no muestra signos de solucionar los problemas de Ir\u00e1n\u201d"},"content":{"rendered":"<p>[videopack id=&#8221;1447&#8243;]https:\/\/www2.memri.org\/espanol\/tv\/wp-content\/uploads\/2023\/05\/9166-ESP.mp4[\/videopack]<\/p>\n<p>ARCHIVO MEMRI<\/p>\n<p>En un discurso que se pronunci\u00f3 en el Majles el 2 de noviembre de 2021, el parlamentario Mahmoud Ahmadi-Bighash critic\u00f3 al presidente iran\u00ed Ebrahim Raisi y a su nuevo gobierno, afirmando que no ha mostrado signos de solucionar los problemas de Ir\u00e1n. Ahmadi-Bighash asegur\u00f3 que el gobierno de Raisi sufre de nepotismo como el anterior gobierno de Rouhani, y dijo que la presidencia y el gobierno iran\u00edes est\u00e1n plagados de incompetencia. Ahmadi-Bighash advirti\u00f3 que el gobierno est\u00e1 mostrando una &#8220;indiferencia excesiva&#8221; hacia los asuntos regionales e internacionales y que esto no beneficia al pa\u00eds. Mahmoud Ahmadi-Bighash public\u00f3 su discurso en su cuenta de Instagram. Para m\u00e1s informaci\u00f3n sobre Mahmoud Ahamdi-Bighash, vea el video de MEMRI TV No. 8533.<\/p>\n","protected":false},"excerpt":{"rendered":"<p>[videopack id=&#8221;1447&#8243;]<\/p>\n<p>ARCHIVO MEMRI<\/p>\n<p>En un discurso que se pronunci\u00f3 en el Majles el 2 de noviembre de 2021, el parlamentario Mahmoud Ahmadi-Bighash critic\u00f3 al presidente iran\u00ed Ebrahim Raisi y a su nuevo gobierno, afirmando que no ha mostrado signos de solucionar los problemas de Ir\u00e1n. Ahmadi-Bighash asegur\u00f3 que el gobierno de Raisi sufre de nepotismo como el anterior gobierno de Rouhani, y dijo que la presidencia y el gobierno iran\u00edes est\u00e1n plagados de incompetencia. Ahmadi-Bighash advirti\u00f3 que el gobierno est\u00e1 mostrando una &#8220;indiferencia excesiva&#8221; hacia los asuntos regionales e internacionales y que esto no beneficia al pa\u00eds. Mahmoud Ahmadi-Bighash public\u00f3 su discurso en su cuenta de Instagram. Para m\u00e1s informaci\u00f3n sobre Mahmoud Ahamdi-Bighash, vea el video de MEMRI TV No. 8533.<\/p>\n","protected":false},"author":3,"featured_media":1446,"comment_status":"open","ping_status":"open","sticky":false,"template":"","format":"video","meta":{"footnotes":""},"categories":[2,15],"tags":[],"class_list":["post-1445","post","type-post","status-publish","format-video","has-post-thumbnail","hentry","category-featured","category-iran","post_format-post-format-video"],"_links":{"self":[{"href":"https:\/\/www2.memri.org\/espanol\/tv\/wp-json\/wp\/v2\/posts\/1445","targetHints":{"allow":["GET"]}}],"collection":[{"href":"https:\/\/www2.memri.org\/espanol\/tv\/wp-json\/wp\/v2\/posts"}],"about":[{"href":"https:\/\/www2.memri.org\/espanol\/tv\/wp-json\/wp\/v2\/types\/post"}],"author":[{"embeddable":true,"href":"https:\/\/www2.memri.org\/espanol\/tv\/wp-json\/wp\/v2\/users\/3"}],"replies":[{"embeddable":true,"href":"https:\/\/www2.memri.org\/espanol\/tv\/wp-json\/wp\/v2\/comments?post=1445"}],"version-history":[{"count":0,"href":"https:\/\/www2.memri.org\/espanol\/tv\/wp-json\/wp\/v2\/posts\/1445\/revisions"}],"wp:featuredmedia":[{"embeddable":true,"href":"https:\/\/www2.memri.org\/espanol\/tv\/wp-json\/wp\/v2\/media\/1446"}],"wp:attachment":[{"href":"https:\/\/www2.memri.org\/espanol\/tv\/wp-json\/wp\/v2\/media?parent=1445"}],"wp:term":[{"taxonomy":"category","embeddable":true,"href":"https:\/\/www2.memri.org\/espanol\/tv\/wp-json\/wp\/v2\/categories?post=1445"},{"taxonomy":"post_tag","embeddable":true,"href":"https:\/\/www2.memri.org\/espanol\/tv\/wp-json\/wp\/v2\/tags?post=1445"}],"curies":[{"name":"wp","href":"https:\/\/api.w.org\/{rel}","templated":true}]}}