{"id":1342,"date":"2023-04-13T09:36:59","date_gmt":"2023-04-13T06:36:59","guid":{"rendered":"https:\/\/www2.memri.org\/espanol\/tv\/?p=1342"},"modified":"2023-04-12T20:53:13","modified_gmt":"2023-04-12T17:53:13","slug":"escritor-kuwaiti-jasem-al-juraid-critica-a-los-atletas-que-se-niegan-a-competir-contra-israelies-y-agrega-los-islamistas-son-extremistas-no-religiosos-ni-creyentes-no-creen-en-la-coexisten","status":"publish","type":"post","link":"https:\/\/www2.memri.org\/espanol\/tv\/2023\/04\/13\/escritor-kuwaiti-jasem-al-juraid-critica-a-los-atletas-que-se-niegan-a-competir-contra-israelies-y-agrega-los-islamistas-son-extremistas-no-religiosos-ni-creyentes-no-creen-en-la-coexisten\/","title":{"rendered":"Escritor kuwait\u00ed Jasem Al-Juraid critica a los atletas que se niegan a competir contra israel\u00edes y agrega: \u201cLos islamistas son extremistas, no religiosos ni creyentes. No creen en la coexistencia ni en los derechos de la mujer\u201d"},"content":{"rendered":"<p>[videopack id=&#8221;1344&#8243;]https:\/\/www2.memri.org\/espanol\/tv\/wp-content\/uploads\/2023\/04\/10222-ESP.mp4[\/videopack]<\/p>\n<p><em>El escritor kuwait\u00ed Jasem Al-Juraid particip\u00f3 en un programa de televisi\u00f3n presentado el 19 de marzo del 2023 en el canal de televisi\u00f3n de los Emiratos \u00c1rabes Unidos (EAU) Sky News Arabia. En este contexto, Al-Juraid critic\u00f3 a los atletas kuwait\u00edes que se niegan a competir contra sus pares israel\u00edes. Tambi\u00e9n dijo que no entiende el por qu\u00e9 Kuwait ha normalizado relaciones con Ir\u00e1n y otros pa\u00edses que tienen problemas de derechos humanos, pero no puede mantener ni siquiera un contacto m\u00ednimo con Israel. Adem\u00e1s, Al-Juraid se\u00f1al\u00f3 que los islamistas son terroristas y no creyentes, particularmente porque no creen en la convivencia y en los derechos de la mujer. <\/em><\/p>\n","protected":false},"excerpt":{"rendered":"<p>[videopack id=&#8221;1344&#8243;]<\/p>\n<p><em>El escritor kuwait\u00ed Jasem Al-Juraid particip\u00f3 en un programa de televisi\u00f3n presentado el 19 de marzo del 2023 en el canal de televisi\u00f3n de los Emiratos \u00c1rabes Unidos (EAU) Sky News Arabia. En este contexto, Al-Juraid critic\u00f3 a los atletas kuwait\u00edes que se niegan a competir contra sus pares israel\u00edes. Tambi\u00e9n dijo que no entiende el por qu\u00e9 Kuwait ha normalizado relaciones con Ir\u00e1n y otros pa\u00edses que tienen problemas de derechos humanos, pero no puede mantener ni siquiera un contacto m\u00ednimo con Israel. Adem\u00e1s, Al-Juraid se\u00f1al\u00f3 que los islamistas son terroristas y no creyentes, particularmente porque no creen en la convivencia y en los derechos de la mujer. <\/em><\/p>\n","protected":false},"author":3,"featured_media":1343,"comment_status":"open","ping_status":"open","sticky":false,"template":"","format":"video","meta":{"footnotes":""},"categories":[491],"tags":[],"class_list":["post-1342","post","type-post","status-publish","format-video","has-post-thumbnail","hentry","category-kuwait","post_format-post-format-video"],"_links":{"self":[{"href":"https:\/\/www2.memri.org\/espanol\/tv\/wp-json\/wp\/v2\/posts\/1342","targetHints":{"allow":["GET"]}}],"collection":[{"href":"https:\/\/www2.memri.org\/espanol\/tv\/wp-json\/wp\/v2\/posts"}],"about":[{"href":"https:\/\/www2.memri.org\/espanol\/tv\/wp-json\/wp\/v2\/types\/post"}],"author":[{"embeddable":true,"href":"https:\/\/www2.memri.org\/espanol\/tv\/wp-json\/wp\/v2\/users\/3"}],"replies":[{"embeddable":true,"href":"https:\/\/www2.memri.org\/espanol\/tv\/wp-json\/wp\/v2\/comments?post=1342"}],"version-history":[{"count":0,"href":"https:\/\/www2.memri.org\/espanol\/tv\/wp-json\/wp\/v2\/posts\/1342\/revisions"}],"wp:featuredmedia":[{"embeddable":true,"href":"https:\/\/www2.memri.org\/espanol\/tv\/wp-json\/wp\/v2\/media\/1343"}],"wp:attachment":[{"href":"https:\/\/www2.memri.org\/espanol\/tv\/wp-json\/wp\/v2\/media?parent=1342"}],"wp:term":[{"taxonomy":"category","embeddable":true,"href":"https:\/\/www2.memri.org\/espanol\/tv\/wp-json\/wp\/v2\/categories?post=1342"},{"taxonomy":"post_tag","embeddable":true,"href":"https:\/\/www2.memri.org\/espanol\/tv\/wp-json\/wp\/v2\/tags?post=1342"}],"curies":[{"name":"wp","href":"https:\/\/api.w.org\/{rel}","templated":true}]}}