{"id":1339,"date":"2023-04-13T08:20:23","date_gmt":"2023-04-13T05:20:23","guid":{"rendered":"https:\/\/www2.memri.org\/espanol\/tv\/?p=1339"},"modified":"2023-04-12T20:26:14","modified_gmt":"2023-04-12T17:26:14","slug":"investigador-libanesdr-ali-hamie-en-referencia-a-las-protestas-en-israel-a-los-judios-solo-les-importa-su-dinero-si-israel-ya-no-puede-protegerlo-podrian-huir-y-palestina-sera-liberada","status":"publish","type":"post","link":"https:\/\/www2.memri.org\/espanol\/tv\/2023\/04\/13\/investigador-libanesdr-ali-hamie-en-referencia-a-las-protestas-en-israel-a-los-judios-solo-les-importa-su-dinero-si-israel-ya-no-puede-protegerlo-podrian-huir-y-palestina-sera-liberada\/","title":{"rendered":"Investigador liban\u00e9s,Dr. Ali Hamie, en referencia a las protestas en Israel: \u201cA los jud\u00edos solo les importa su dinero; si Israel ya no puede protegerlo, podr\u00edan huir y Palestina ser\u00e1 liberada sin ninguna guerra\u201d"},"content":{"rendered":"<p>[videopack id=&#8221;1341&#8243;]https:\/\/www2.memri.org\/espanol\/tv\/wp-content\/uploads\/2023\/04\/10221-ESP.mp4[\/videopack]<\/p>\n<p><em>El investigador liban\u00e9s Dr. Ali Hamie dijo en una entrevista que las recientes manifestaciones en Israel se realizan \u201ccontra el gobierno del r\u00e9gimen sionista\u201d y est\u00e1n sucediendo porque la seguridad en Israel ha sido \u201csacudida\u201d y porque los israel\u00edes saben bien que se enfrentan a una \u201cgran potencia regional y a una gran fuerza de resistencia\u201d. Hamie tambi\u00e9n afirm\u00f3 que los jud\u00edos se preocupan principalmente por su dinero y que si sienten que la \u201centidad israel\u00ed\u201d ya no puede protegerlo, podr\u00edan huir, logrando la liberaci\u00f3n de Palestina sin necesidad de una guerra. <\/em><\/p>\n<p><em>La entrevista fue realizada el 12 de marzo de 2023 en el canal de televisi\u00f3n liban\u00e9s Al-Manar (Hezbollah).<\/em><\/p>\n","protected":false},"excerpt":{"rendered":"<p>[videopack id=&#8221;1341&#8243;]<\/p>\n<p><em>El investigador liban\u00e9s Dr. Ali Hamie dijo en una entrevista que las recientes manifestaciones en Israel se realizan \u201ccontra el gobierno del r\u00e9gimen sionista\u201d y est\u00e1n sucediendo porque la seguridad en Israel ha sido \u201csacudida\u201d y porque los israel\u00edes saben bien que se enfrentan a una \u201cgran potencia regional y a una gran fuerza de resistencia\u201d. Hamie tambi\u00e9n afirm\u00f3 que los jud\u00edos se preocupan principalmente por su dinero y que si sienten que la \u201centidad israel\u00ed\u201d ya no puede protegerlo, podr\u00edan huir, logrando la liberaci\u00f3n de Palestina sin necesidad de una guerra. <\/em><\/p>\n<p><em>La entrevista fue realizada el 12 de marzo de 2023 en el canal de televisi\u00f3n liban\u00e9s Al-Manar (Hezbollah).<\/em><\/p>\n","protected":false},"author":3,"featured_media":1340,"comment_status":"open","ping_status":"open","sticky":false,"template":"","format":"video","meta":{"footnotes":""},"categories":[18,5],"tags":[],"class_list":["post-1339","post","type-post","status-publish","format-video","has-post-thumbnail","hentry","category-libano","category-paises","post_format-post-format-video"],"_links":{"self":[{"href":"https:\/\/www2.memri.org\/espanol\/tv\/wp-json\/wp\/v2\/posts\/1339","targetHints":{"allow":["GET"]}}],"collection":[{"href":"https:\/\/www2.memri.org\/espanol\/tv\/wp-json\/wp\/v2\/posts"}],"about":[{"href":"https:\/\/www2.memri.org\/espanol\/tv\/wp-json\/wp\/v2\/types\/post"}],"author":[{"embeddable":true,"href":"https:\/\/www2.memri.org\/espanol\/tv\/wp-json\/wp\/v2\/users\/3"}],"replies":[{"embeddable":true,"href":"https:\/\/www2.memri.org\/espanol\/tv\/wp-json\/wp\/v2\/comments?post=1339"}],"version-history":[{"count":0,"href":"https:\/\/www2.memri.org\/espanol\/tv\/wp-json\/wp\/v2\/posts\/1339\/revisions"}],"wp:featuredmedia":[{"embeddable":true,"href":"https:\/\/www2.memri.org\/espanol\/tv\/wp-json\/wp\/v2\/media\/1340"}],"wp:attachment":[{"href":"https:\/\/www2.memri.org\/espanol\/tv\/wp-json\/wp\/v2\/media?parent=1339"}],"wp:term":[{"taxonomy":"category","embeddable":true,"href":"https:\/\/www2.memri.org\/espanol\/tv\/wp-json\/wp\/v2\/categories?post=1339"},{"taxonomy":"post_tag","embeddable":true,"href":"https:\/\/www2.memri.org\/espanol\/tv\/wp-json\/wp\/v2\/tags?post=1339"}],"curies":[{"name":"wp","href":"https:\/\/api.w.org\/{rel}","templated":true}]}}