{"id":367,"count":1,"description":"","link":"https:\/\/www2.memri.org\/espanol\/tv\/categoria\/temas\/protestas-anti-regimen-en-iran-y-represion-violenta\/","name":"Protestas anti-r\u00e9gimen en Ir\u00e1n y represi\u00f3n violenta","slug":"protestas-anti-regimen-en-iran-y-represion-violenta","taxonomy":"category","parent":142,"meta":[],"_links":{"self":[{"href":"https:\/\/www2.memri.org\/espanol\/tv\/wp-json\/wp\/v2\/categories\/367","targetHints":{"allow":["GET"]}}],"collection":[{"href":"https:\/\/www2.memri.org\/espanol\/tv\/wp-json\/wp\/v2\/categories"}],"about":[{"href":"https:\/\/www2.memri.org\/espanol\/tv\/wp-json\/wp\/v2\/taxonomies\/category"}],"up":[{"embeddable":true,"href":"https:\/\/www2.memri.org\/espanol\/tv\/wp-json\/wp\/v2\/categories\/142"}],"wp:post_type":[{"href":"https:\/\/www2.memri.org\/espanol\/tv\/wp-json\/wp\/v2\/posts?categories=367"}],"curies":[{"name":"wp","href":"https:\/\/api.w.org\/{rel}","templated":true}]}}